{"id":10217,"date":"2024-02-17T17:56:35","date_gmt":"2024-02-17T15:56:35","guid":{"rendered":"https:\/\/makelaalu.fi\/?p=10217"},"modified":"2024-02-21T10:21:11","modified_gmt":"2024-02-21T08:21:11","slug":"den-horisontala-pulverlackeringslinjen-har-fornyats-med-omfattande-investeringar","status":"publish","type":"post","link":"https:\/\/makelaalu.fi\/sv\/nyheter\/den-horisontala-pulverlackeringslinjen-har-fornyats-med-omfattande-investeringar\/","title":{"rendered":"Den horisontala pulverlackeringslinjen har f\u00f6rnyats med omfattande investeringar"},"content":{"rendered":"<p>P\u00e5 senare tid har vi gjort betydande investeringar i utvecklingen av den <span lang=\"SV\">horisontala<\/span> pulverlackeringslinjen p\u00e5 v\u00e5r fabrik i Luoma-aho. Syftet har varit att b\u00e5de modernisera produktionslinjen och f\u00f6rb\u00e4ttra arbetsf\u00f6rh\u00e5llandena.<\/p>\n<p>F\u00f6rutom grundpulverlackering utf\u00f6rs ocks\u00e5 pulverlackeringar med tv\u00e5 f\u00e4rger och ytbehandlingar av styckegods i olika former p\u00e5 den <span lang=\"SV\">horisontala<\/span> pulverlackeringslinjen.<\/p>\n<p>&nbsp;<\/p>\n<h2>Ett nytt lackeringssk\u00e5p<\/h2>\n<p>Den senaste investeringen \u00e4r v\u00e5rt nya lackeringssk\u00e5p som installerades i januari i \u00e5r. Utrustningen p\u00e5 den <span lang=\"SV\">horisontala<\/span> pulverlackeringslinjen b\u00f6rjade n\u00e4rma sig slutet av sin livscykel, och det var till exempel inte l\u00e4ngre s\u00e5 l\u00e4tt att hitta reservdelar till den. Med det nya lackeringssk\u00e5pet kan man lackera \u00e4ven mindre partier p\u00e5 ett kostnadseffektivt s\u00e4tt p\u00e5 den <span lang=\"SV\">horisontala<\/span> pulverlackeringslinjen.<\/p>\n<p>\u2013 Det nya lackeringssk\u00e5pet st\u00f6djer v\u00e5r strategi. P\u00e5 v\u00e5ra vertikala pulverlackeringslinjer kan man byta f\u00e4rg p\u00e5 det ena lackeringscentret samtidigt som det andra lackeringscentret nyttjas. Med det nya lackeringscentret blir detta m\u00f6jligt ocks\u00e5 i den horisontella anl\u00e4ggningen. P\u00e5 s\u00e5 s\u00e4tt minimerar det nya sk\u00e5pet produktbytestiden och m\u00f6jligg\u00f6r flexibel och kostnadseffektiv ytbehandling av \u00e4ven sm\u00e5 partier, ber\u00e4ttar projektets utvecklingsingenj\u00f6r Jarno Kolkka.<\/p>\n<p>Den nya utrustningen \u00e4r toppmodern.<\/p>\n<p>\u2013 Med denna investering kommer kvaliteten p\u00e5 pulverlackeringsytan att bli \u00e4nnu b\u00e4ttre. Anv\u00e4ndarv\u00e4nligheten har beaktats i den nya utrustningen p\u00e5 ett helt annat s\u00e4tt \u00e4n i den gamla. Det nya sk\u00e5pet \u00e4r smidigare och l\u00e4ttare att anv\u00e4nda, forts\u00e4tter <strong>Jarno Kolkka<\/strong>.<\/p>\n<figure id=\"attachment_10194\" aria-describedby=\"caption-attachment-10194\" style=\"width: 723px\" class=\"wp-caption aligncenter\"><img loading=\"lazy\" decoding=\"async\" class=\"wp-image-10194\" src=\"https:\/\/makelaalu.fi\/wp-content\/uploads\/2024\/02\/vaakamaalaamo-ma\u0308kela\u0308alu-investoinnit.jpeg\" alt=\"\" width=\"723\" height=\"545\" \/><figcaption id=\"caption-attachment-10194\" class=\"wp-caption-text\">Jarno Kolkka (till h\u00f6ger) tillsammans med m\u00e5larna Markus Hirvel\u00e4 och Jukka Kantonen har l\u00e4rt k\u00e4nna funktionerna i den nya lackeringssk\u00e5pet.<\/figcaption><\/figure>\n<h2>\u00c4ven f\u00f6rbehandlingen har moderniserats<\/h2>\n<p>F\u00f6rra \u00e5ret f\u00f6rnyades hela styrsystemet f\u00f6r tv\u00e4ttdelen av den <span lang=\"SV\">horisontala<\/span> pulverlackeringslinjen. Samtidigt avgr\u00e4nsades produktionsomr\u00e5det med staket, vilket \u00f6kar s\u00e4kerheten. Robotens arbetsomr\u00e5de och profilernas f\u00f6rtv\u00e4tt \u00e4r inh\u00e4gnade s\u00e5 att roboten stannar om n\u00e5gon kommer in i omr\u00e5det.<\/p>\n<p>\u2013 Anordningens styrautomatik och dess komponenter n\u00e4rmade sig ocks\u00e5 slutet av sin livsl\u00e4ngd. Den gamla utrustningen var op\u00e5litlig och medf\u00f6rde en kvalitetsrisk, varf\u00f6r vi bytte ut hela styrsystemet inklusive kablaget, ber\u00e4ttar Jarno Kolkka.<\/p>\n<p>F\u00f6rnyelsen inneb\u00e4r att utrustningens s\u00e4kerhet \u00e4r nu p\u00e5 den niv\u00e5 som fastst\u00e4lls i det nuvarande maskindirektivet.<\/p>\n<p>\u2013 Arbetsfasen \u00e4r avg\u00f6rande f\u00f6r pulverlackeringen, s\u00e5 med moderniseringen minskade vi ocks\u00e5 variationen i f\u00f6rbehandlingen av profiler, till\u00e4gger Jarno Kolkka.<\/p>\n<p>&nbsp;<\/p>\n<h2>F\u00e4rgborttagningslinjen har funnits i ett par \u00e5r nu<\/h2>\n<p>Redan f\u00f6r n\u00e5gra \u00e5r sedan installerades en f\u00e4rgborttagningslinje i tv\u00e4ttdelen av den <span lang=\"SV\">horisontala<\/span> pulverlackeringslinjen, vilket i sig var ett betydande utvecklingssteg. P\u00e5 f\u00e4rgborttagningslinjen kan ett lackeringsskikt avl\u00e4gsnas fr\u00e5n profiler med felaktig pulverlackering och returneras f\u00f6r omlackering.<\/p>\n<p>F\u00e4rgborttagningslinjen sparar tid, material, pengar och milj\u00f6 och f\u00f6rb\u00e4ttrar leveranss\u00e4kerheten. N\u00e4r vi inte hade en f\u00e4rgborttagningslinje var vi tvungna att skrota lackerade profiler med f\u00e4rg- eller ytdefekter, och de kunde inte \u00e5teranv\u00e4ndas p\u00e5 n\u00e5got s\u00e4tt.<\/p>\n<p>&nbsp;<\/p>\n<h2>B\u00e4ttre luftkvalitet<\/h2>\n<p>Under senare delen av f\u00f6rra \u00e5ret p\u00e5b\u00f6rjades ocks\u00e5 en ventilationsreform vid den <span lang=\"SV\">horisontala<\/span> pulverlackeringslinjen. Det finns \u00f6ppna f\u00f6rbehandlingsbass\u00e4nger och en f\u00e4rgborttagningsbass\u00e4ng i lackeringsanl\u00e4ggningen, och det f\u00f6rekommer viss f\u00f6r\u00e5ngning och luktol\u00e4genheter. Luftkvalitetsm\u00e4tningar som utf\u00f6rts vid den <span lang=\"SV\">horisontala<\/span> pulverlackeringslinjen har fastst\u00e4llt att luften \u00e4r tillr\u00e4ckligt ren, men samtidigt har det konstaterats att ventilationen i lokalerna \u00e4r bristf\u00e4llig.<\/p>\n<p>\u2013 Ventilationen har nu helt f\u00f6rnyats i f\u00f6rbehandlingslokalerna. I samband med renoveringen installerades ordentliga punktutsug ovanp\u00e5 f\u00f6rbehandlings- och f\u00e4rgborttagningslinjerna f\u00f6r att leda ut \u00e5ngor och lukter ur lokalerna. Dessutom f\u00f6r systemet frisk tilluft utifr\u00e5n till hallen, ber\u00e4ttar M\u00e4kel\u00e4s produktionschef f\u00f6r ytbehandling Vesa Saarenlaita.<\/p>\n<p>Det viktiga m\u00e5let med reformen \u00e4r att f\u00f6rb\u00e4ttra arbetsf\u00f6rh\u00e5llandena och arbetsh\u00e4lsan. God ventilation f\u00f6rb\u00e4ttrar b\u00e5de komforten och s\u00e4kerheten vid arbetet.<\/p>\n<p>Det totala v\u00e4rdet p\u00e5 investeringarna \u00e4r cirka en miljon euro.<\/p>\n<p>&nbsp;<\/p>\n<p>&nbsp;<\/p>\n","protected":false},"excerpt":{"rendered":"P\u00e5 senare tid har vi gjort betydande investeringar i utvecklingen av den horisontala pulverlackeringslinjen p\u00e5 v\u00e5r fabrik i Luoma-aho. Syftet har varit att b\u00e5de modernisera produktionslinjen och f\u00f6rb\u00e4ttra arbetsf\u00f6rh\u00e5llandena. F\u00f6rutom grundpulverlackering utf\u00f6rs ocks\u00e5 pulverlackeringar med tv\u00e5 f\u00e4rger och ytbehandlingar av styckegods i olika former p\u00e5 den horisontala pulverlackeringslinjen. &nbsp; Ett nytt lackeringssk\u00e5p Den senaste investeringen \u00e4r v\u00e5rt nya lackeringssk\u00e5p som installerades i januari i \u00e5r. Utrustningen p\u00e5 den horisontala pulverlackeringslinjen b\u00f6rjade n\u00e4rma sig slutet av sin livscykel, och det var till exempel inte l\u00e4ngre s\u00e5 l\u00e4tt att hitta reservdelar till den. Med det nya lackeringssk\u00e5pet kan man lackera \u00e4ven mindre partier p\u00e5 ett kostnadseffektivt s\u00e4tt p\u00e5 den horisontala pulverlackeringslinjen. \u2013 Det nya lackeringssk\u00e5pet st\u00f6djer v\u00e5r strategi. P\u00e5 v\u00e5ra vertikala pulverlackeringslinjer kan man byta f\u00e4rg p\u00e5 det ena lackeringscentret samtidigt som det andra lackeringscentret nyttjas. Med det nya lackeringscentret blir detta m\u00f6jligt ocks\u00e5 i den horisontella anl\u00e4ggningen. P\u00e5 s\u00e5 s\u00e4tt minimerar det nya sk\u00e5pet produktbytestiden och m\u00f6jligg\u00f6r flexibel och kostnadseffektiv ytbehandling av \u00e4ven sm\u00e5 partier, ber\u00e4ttar projektets utvecklingsingenj\u00f6r Jarno Kolkka. Den nya utrustningen \u00e4r toppmodern. \u2013 Med denna investering kommer kvaliteten p\u00e5 pulverlackeringsytan att bli \u00e4nnu b\u00e4ttre. Anv\u00e4ndarv\u00e4nligheten har beaktats i den nya utrustningen p\u00e5 ett helt annat s\u00e4tt \u00e4n i den gamla. Det nya sk\u00e5pet \u00e4r smidigare och l\u00e4ttare att anv\u00e4nda, forts\u00e4tter Jarno Kolkka. \u00c4ven f\u00f6rbehandlingen har moderniserats F\u00f6rra \u00e5ret f\u00f6rnyades hela styrsystemet f\u00f6r tv\u00e4ttdelen av den horisontala pulverlackeringslinjen. Samtidigt avgr\u00e4nsades produktionsomr\u00e5det med staket, vilket \u00f6kar s\u00e4kerheten. Robotens arbetsomr\u00e5de och profilernas f\u00f6rtv\u00e4tt \u00e4r inh\u00e4gnade s\u00e5 att roboten stannar om n\u00e5gon kommer in i omr\u00e5det. \u2013 Anordningens styrautomatik och dess komponenter n\u00e4rmade sig ocks\u00e5 slutet av sin livsl\u00e4ngd. Den gamla utrustningen var op\u00e5litlig och medf\u00f6rde en kvalitetsrisk, varf\u00f6r vi bytte ut hela styrsystemet inklusive kablaget, ber\u00e4ttar Jarno Kolkka. F\u00f6rnyelsen inneb\u00e4r att utrustningens s\u00e4kerhet \u00e4r nu p\u00e5 den niv\u00e5 som fastst\u00e4lls i det nuvarande maskindirektivet. \u2013 Arbetsfasen \u00e4r avg\u00f6rande f\u00f6r pulverlackeringen, s\u00e5 med moderniseringen minskade vi ocks\u00e5 variationen i f\u00f6rbehandlingen av profiler, till\u00e4gger Jarno Kolkka. &nbsp; F\u00e4rgborttagningslinjen har funnits i ett par \u00e5r nu Redan f\u00f6r n\u00e5gra \u00e5r sedan installerades en f\u00e4rgborttagningslinje i tv\u00e4ttdelen av den horisontala pulverlackeringslinjen, vilket i sig var ett betydande utvecklingssteg. P\u00e5 f\u00e4rgborttagningslinjen kan ett lackeringsskikt avl\u00e4gsnas fr\u00e5n profiler med felaktig pulverlackering och returneras f\u00f6r omlackering. F\u00e4rgborttagningslinjen sparar tid, material, pengar och milj\u00f6 och f\u00f6rb\u00e4ttrar leveranss\u00e4kerheten. N\u00e4r vi inte hade en f\u00e4rgborttagningslinje var vi tvungna att skrota lackerade profiler med f\u00e4rg- eller ytdefekter, och de kunde inte \u00e5teranv\u00e4ndas p\u00e5 n\u00e5got s\u00e4tt. &nbsp; B\u00e4ttre luftkvalitet Under senare delen av f\u00f6rra \u00e5ret p\u00e5b\u00f6rjades ocks\u00e5 en ventilationsreform vid den horisontala pulverlackeringslinjen. Det finns \u00f6ppna f\u00f6rbehandlingsbass\u00e4nger och en f\u00e4rgborttagningsbass\u00e4ng i lackeringsanl\u00e4ggningen, och det f\u00f6rekommer viss f\u00f6r\u00e5ngning och luktol\u00e4genheter. Luftkvalitetsm\u00e4tningar som utf\u00f6rts vid den horisontala pulverlackeringslinjen har fastst\u00e4llt att luften \u00e4r tillr\u00e4ckligt ren, men samtidigt har det konstaterats att ventilationen i lokalerna \u00e4r bristf\u00e4llig. \u2013 Ventilationen har nu helt f\u00f6rnyats i f\u00f6rbehandlingslokalerna. I samband med renoveringen installerades ordentliga punktutsug ovanp\u00e5 f\u00f6rbehandlings- och f\u00e4rgborttagningslinjerna f\u00f6r att leda ut \u00e5ngor och lukter ur lokalerna. Dessutom f\u00f6r systemet frisk tilluft utifr\u00e5n till hallen, ber\u00e4ttar M\u00e4kel\u00e4s produktionschef f\u00f6r ytbehandling Vesa Saarenlaita. Det viktiga m\u00e5let med reformen \u00e4r att f\u00f6rb\u00e4ttra arbetsf\u00f6rh\u00e5llandena och arbetsh\u00e4lsan. God ventilation f\u00f6rb\u00e4ttrar b\u00e5de komforten och s\u00e4kerheten vid arbetet. Det totala v\u00e4rdet p\u00e5 investeringarna \u00e4r cirka en miljon euro. &nbsp; &nbsp;","protected":false},"author":2,"featured_media":10202,"comment_status":"closed","ping_status":"closed","sticky":false,"template":"","format":"standard","meta":{"_acf_changed":false,"footnotes":""},"categories":[29],"tags":[],"class_list":["post-10217","post","type-post","status-publish","format-standard","has-post-thumbnail","hentry","category-nyheter"],"acf":[],"yoast_head":"<!-- This site is optimized with the Yoast SEO plugin v27.4 - https:\/\/yoast.com\/product\/yoast-seo-wordpress\/ -->\n<title>Den horisontala pulverlackeringslinjen har f\u00f6rnyats med omfattande investeringar<\/title>\n<meta name=\"robots\" content=\"index, follow, max-snippet:-1, max-image-preview:large, max-video-preview:-1\" \/>\n<link rel=\"canonical\" href=\"https:\/\/makelaalu.fi\/sv\/nyheter\/den-horisontala-pulverlackeringslinjen-har-fornyats-med-omfattande-investeringar\/\" \/>\n<meta property=\"og:locale\" content=\"sv_SE\" \/>\n<meta property=\"og:type\" content=\"article\" \/>\n<meta property=\"og:title\" content=\"Den horisontala pulverlackeringslinjen har f\u00f6rnyats med omfattande investeringar\" \/>\n<meta property=\"og:description\" content=\"P\u00e5 senare tid har vi gjort betydande investeringar i utvecklingen av den horisontala pulverlackeringslinjen p\u00e5 v\u00e5r fabrik i Luoma-aho. Syftet har varit att b\u00e5de modernisera produktionslinjen och f\u00f6rb\u00e4ttra arbetsf\u00f6rh\u00e5llandena. F\u00f6rutom grundpulverlackering utf\u00f6rs ocks\u00e5 pulverlackeringar med tv\u00e5 f\u00e4rger och ytbehandlingar av styckegods i olika former p\u00e5 den horisontala pulverlackeringslinjen. &nbsp; Ett nytt lackeringssk\u00e5p Den senaste investeringen \u00e4r v\u00e5rt nya lackeringssk\u00e5p som installerades i januari i \u00e5r. Utrustningen p\u00e5 den horisontala pulverlackeringslinjen b\u00f6rjade n\u00e4rma sig slutet av sin livscykel, och det var till exempel inte l\u00e4ngre s\u00e5 l\u00e4tt att hitta reservdelar till den. Med det nya lackeringssk\u00e5pet kan man lackera \u00e4ven mindre partier p\u00e5 ett kostnadseffektivt s\u00e4tt p\u00e5 den horisontala pulverlackeringslinjen. \u2013 Det nya lackeringssk\u00e5pet st\u00f6djer v\u00e5r strategi. P\u00e5 v\u00e5ra vertikala pulverlackeringslinjer kan man byta f\u00e4rg p\u00e5 det ena lackeringscentret samtidigt som det andra lackeringscentret nyttjas. Med det nya lackeringscentret blir detta m\u00f6jligt ocks\u00e5 i den horisontella anl\u00e4ggningen. P\u00e5 s\u00e5 s\u00e4tt minimerar det nya sk\u00e5pet produktbytestiden och m\u00f6jligg\u00f6r flexibel och kostnadseffektiv ytbehandling av \u00e4ven sm\u00e5 partier, ber\u00e4ttar projektets utvecklingsingenj\u00f6r Jarno Kolkka. Den nya utrustningen \u00e4r toppmodern. \u2013 Med denna investering kommer kvaliteten p\u00e5 pulverlackeringsytan att bli \u00e4nnu b\u00e4ttre. Anv\u00e4ndarv\u00e4nligheten har beaktats i den nya utrustningen p\u00e5 ett helt annat s\u00e4tt \u00e4n i den gamla. Det nya sk\u00e5pet \u00e4r smidigare och l\u00e4ttare att anv\u00e4nda, forts\u00e4tter Jarno Kolkka. \u00c4ven f\u00f6rbehandlingen har moderniserats F\u00f6rra \u00e5ret f\u00f6rnyades hela styrsystemet f\u00f6r tv\u00e4ttdelen av den horisontala pulverlackeringslinjen. Samtidigt avgr\u00e4nsades produktionsomr\u00e5det med staket, vilket \u00f6kar s\u00e4kerheten. Robotens arbetsomr\u00e5de och profilernas f\u00f6rtv\u00e4tt \u00e4r inh\u00e4gnade s\u00e5 att roboten stannar om n\u00e5gon kommer in i omr\u00e5det. \u2013 Anordningens styrautomatik och dess komponenter n\u00e4rmade sig ocks\u00e5 slutet av sin livsl\u00e4ngd. Den gamla utrustningen var op\u00e5litlig och medf\u00f6rde en kvalitetsrisk, varf\u00f6r vi bytte ut hela styrsystemet inklusive kablaget, ber\u00e4ttar Jarno Kolkka. F\u00f6rnyelsen inneb\u00e4r att utrustningens s\u00e4kerhet \u00e4r nu p\u00e5 den niv\u00e5 som fastst\u00e4lls i det nuvarande maskindirektivet. \u2013 Arbetsfasen \u00e4r avg\u00f6rande f\u00f6r pulverlackeringen, s\u00e5 med moderniseringen minskade vi ocks\u00e5 variationen i f\u00f6rbehandlingen av profiler, till\u00e4gger Jarno Kolkka. &nbsp; F\u00e4rgborttagningslinjen har funnits i ett par \u00e5r nu Redan f\u00f6r n\u00e5gra \u00e5r sedan installerades en f\u00e4rgborttagningslinje i tv\u00e4ttdelen av den horisontala pulverlackeringslinjen, vilket i sig var ett betydande utvecklingssteg. P\u00e5 f\u00e4rgborttagningslinjen kan ett lackeringsskikt avl\u00e4gsnas fr\u00e5n profiler med felaktig pulverlackering och returneras f\u00f6r omlackering. F\u00e4rgborttagningslinjen sparar tid, material, pengar och milj\u00f6 och f\u00f6rb\u00e4ttrar leveranss\u00e4kerheten. N\u00e4r vi inte hade en f\u00e4rgborttagningslinje var vi tvungna att skrota lackerade profiler med f\u00e4rg- eller ytdefekter, och de kunde inte \u00e5teranv\u00e4ndas p\u00e5 n\u00e5got s\u00e4tt. &nbsp; B\u00e4ttre luftkvalitet Under senare delen av f\u00f6rra \u00e5ret p\u00e5b\u00f6rjades ocks\u00e5 en ventilationsreform vid den horisontala pulverlackeringslinjen. Det finns \u00f6ppna f\u00f6rbehandlingsbass\u00e4nger och en f\u00e4rgborttagningsbass\u00e4ng i lackeringsanl\u00e4ggningen, och det f\u00f6rekommer viss f\u00f6r\u00e5ngning och luktol\u00e4genheter. Luftkvalitetsm\u00e4tningar som utf\u00f6rts vid den horisontala pulverlackeringslinjen har fastst\u00e4llt att luften \u00e4r tillr\u00e4ckligt ren, men samtidigt har det konstaterats att ventilationen i lokalerna \u00e4r bristf\u00e4llig. \u2013 Ventilationen har nu helt f\u00f6rnyats i f\u00f6rbehandlingslokalerna. I samband med renoveringen installerades ordentliga punktutsug ovanp\u00e5 f\u00f6rbehandlings- och f\u00e4rgborttagningslinjerna f\u00f6r att leda ut \u00e5ngor och lukter ur lokalerna. Dessutom f\u00f6r systemet frisk tilluft utifr\u00e5n till hallen, ber\u00e4ttar M\u00e4kel\u00e4s produktionschef f\u00f6r ytbehandling Vesa Saarenlaita. Det viktiga m\u00e5let med reformen \u00e4r att f\u00f6rb\u00e4ttra arbetsf\u00f6rh\u00e5llandena och arbetsh\u00e4lsan. God ventilation f\u00f6rb\u00e4ttrar b\u00e5de komforten och s\u00e4kerheten vid arbetet. Det totala v\u00e4rdet p\u00e5 investeringarna \u00e4r cirka en miljon euro. &nbsp; &nbsp;\" \/>\n<meta property=\"og:url\" content=\"https:\/\/makelaalu.fi\/sv\/nyheter\/den-horisontala-pulverlackeringslinjen-har-fornyats-med-omfattande-investeringar\/\" \/>\n<meta property=\"og:site_name\" content=\"M&auml;kel&auml; Alu Oy\" \/>\n<meta property=\"article:published_time\" content=\"2024-02-17T15:56:35+00:00\" \/>\n<meta property=\"article:modified_time\" content=\"2024-02-21T08:21:11+00:00\" \/>\n<meta property=\"og:image\" content=\"https:\/\/makelaalu.fi\/wp-content\/uploads\/2024\/02\/DSF1593.jpg\" \/>\n\t<meta property=\"og:image:width\" content=\"1000\" \/>\n\t<meta property=\"og:image:height\" content=\"714\" \/>\n\t<meta property=\"og:image:type\" content=\"image\/jpeg\" \/>\n<meta name=\"author\" content=\"Susanna Korkiatupa\" \/>\n<meta name=\"twitter:card\" content=\"summary_large_image\" \/>\n<meta name=\"twitter:label1\" content=\"Skriven av\" \/>\n\t<meta name=\"twitter:data1\" content=\"Susanna Korkiatupa\" \/>\n\t<meta name=\"twitter:label2\" content=\"Ber\u00e4knad l\u00e4stid\" \/>\n\t<meta name=\"twitter:data2\" content=\"4 minuter\" \/>\n<script type=\"application\/ld+json\" class=\"yoast-schema-graph\">{\"@context\":\"https:\\\/\\\/schema.org\",\"@graph\":[{\"@type\":\"Article\",\"@id\":\"https:\\\/\\\/makelaalu.fi\\\/sv\\\/nyheter\\\/den-horisontala-pulverlackeringslinjen-har-fornyats-med-omfattande-investeringar\\\/#article\",\"isPartOf\":{\"@id\":\"https:\\\/\\\/makelaalu.fi\\\/sv\\\/nyheter\\\/den-horisontala-pulverlackeringslinjen-har-fornyats-med-omfattande-investeringar\\\/\"},\"author\":{\"name\":\"Susanna Korkiatupa\",\"@id\":\"https:\\\/\\\/dev.makelaalu.fi\\\/#\\\/schema\\\/person\\\/9a809b6cc4e323d49d85ca0a349b40af\"},\"headline\":\"Den horisontala pulverlackeringslinjen har f\u00f6rnyats med omfattande investeringar\",\"datePublished\":\"2024-02-17T15:56:35+00:00\",\"dateModified\":\"2024-02-21T08:21:11+00:00\",\"mainEntityOfPage\":{\"@id\":\"https:\\\/\\\/makelaalu.fi\\\/sv\\\/nyheter\\\/den-horisontala-pulverlackeringslinjen-har-fornyats-med-omfattande-investeringar\\\/\"},\"wordCount\":698,\"image\":{\"@id\":\"https:\\\/\\\/makelaalu.fi\\\/sv\\\/nyheter\\\/den-horisontala-pulverlackeringslinjen-har-fornyats-med-omfattande-investeringar\\\/#primaryimage\"},\"thumbnailUrl\":\"https:\\\/\\\/makelaalu.fi\\\/wp-content\\\/uploads\\\/2024\\\/02\\\/DSF1593.jpg\",\"articleSection\":[\"Nyheter\"],\"inLanguage\":\"sv-SE\"},{\"@type\":\"WebPage\",\"@id\":\"https:\\\/\\\/makelaalu.fi\\\/sv\\\/nyheter\\\/den-horisontala-pulverlackeringslinjen-har-fornyats-med-omfattande-investeringar\\\/\",\"url\":\"https:\\\/\\\/makelaalu.fi\\\/sv\\\/nyheter\\\/den-horisontala-pulverlackeringslinjen-har-fornyats-med-omfattande-investeringar\\\/\",\"name\":\"Den horisontala pulverlackeringslinjen har f\u00f6rnyats med omfattande investeringar\",\"isPartOf\":{\"@id\":\"https:\\\/\\\/dev.makelaalu.fi\\\/#website\"},\"primaryImageOfPage\":{\"@id\":\"https:\\\/\\\/makelaalu.fi\\\/sv\\\/nyheter\\\/den-horisontala-pulverlackeringslinjen-har-fornyats-med-omfattande-investeringar\\\/#primaryimage\"},\"image\":{\"@id\":\"https:\\\/\\\/makelaalu.fi\\\/sv\\\/nyheter\\\/den-horisontala-pulverlackeringslinjen-har-fornyats-med-omfattande-investeringar\\\/#primaryimage\"},\"thumbnailUrl\":\"https:\\\/\\\/makelaalu.fi\\\/wp-content\\\/uploads\\\/2024\\\/02\\\/DSF1593.jpg\",\"datePublished\":\"2024-02-17T15:56:35+00:00\",\"dateModified\":\"2024-02-21T08:21:11+00:00\",\"author\":{\"@id\":\"https:\\\/\\\/dev.makelaalu.fi\\\/#\\\/schema\\\/person\\\/9a809b6cc4e323d49d85ca0a349b40af\"},\"breadcrumb\":{\"@id\":\"https:\\\/\\\/makelaalu.fi\\\/sv\\\/nyheter\\\/den-horisontala-pulverlackeringslinjen-har-fornyats-med-omfattande-investeringar\\\/#breadcrumb\"},\"inLanguage\":\"sv-SE\",\"potentialAction\":[{\"@type\":\"ReadAction\",\"target\":[\"https:\\\/\\\/makelaalu.fi\\\/sv\\\/nyheter\\\/den-horisontala-pulverlackeringslinjen-har-fornyats-med-omfattande-investeringar\\\/\"]}]},{\"@type\":\"ImageObject\",\"inLanguage\":\"sv-SE\",\"@id\":\"https:\\\/\\\/makelaalu.fi\\\/sv\\\/nyheter\\\/den-horisontala-pulverlackeringslinjen-har-fornyats-med-omfattande-investeringar\\\/#primaryimage\",\"url\":\"https:\\\/\\\/makelaalu.fi\\\/wp-content\\\/uploads\\\/2024\\\/02\\\/DSF1593.jpg\",\"contentUrl\":\"https:\\\/\\\/makelaalu.fi\\\/wp-content\\\/uploads\\\/2024\\\/02\\\/DSF1593.jpg\",\"width\":1000,\"height\":714},{\"@type\":\"BreadcrumbList\",\"@id\":\"https:\\\/\\\/makelaalu.fi\\\/sv\\\/nyheter\\\/den-horisontala-pulverlackeringslinjen-har-fornyats-med-omfattande-investeringar\\\/#breadcrumb\",\"itemListElement\":[{\"@type\":\"ListItem\",\"position\":1,\"name\":\"Frontpage\",\"item\":\"https:\\\/\\\/makelaalu.fi\\\/sv\\\/\"},{\"@type\":\"ListItem\",\"position\":2,\"name\":\"Den horisontala pulverlackeringslinjen har f\u00f6rnyats med omfattande investeringar\"}]},{\"@type\":\"WebSite\",\"@id\":\"https:\\\/\\\/dev.makelaalu.fi\\\/#website\",\"url\":\"https:\\\/\\\/dev.makelaalu.fi\\\/\",\"name\":\"M&auml;kel&auml; Alu Oy\",\"description\":\"Alumiiniprofiilien puristaminen vuosikymmenten kokemuksella.\",\"potentialAction\":[{\"@type\":\"SearchAction\",\"target\":{\"@type\":\"EntryPoint\",\"urlTemplate\":\"https:\\\/\\\/dev.makelaalu.fi\\\/?s={search_term_string}\"},\"query-input\":{\"@type\":\"PropertyValueSpecification\",\"valueRequired\":true,\"valueName\":\"search_term_string\"}}],\"inLanguage\":\"sv-SE\"},{\"@type\":\"Person\",\"@id\":\"https:\\\/\\\/dev.makelaalu.fi\\\/#\\\/schema\\\/person\\\/9a809b6cc4e323d49d85ca0a349b40af\",\"name\":\"Susanna Korkiatupa\",\"image\":{\"@type\":\"ImageObject\",\"inLanguage\":\"sv-SE\",\"@id\":\"https:\\\/\\\/secure.gravatar.com\\\/avatar\\\/ac071856daa4ddaa64ae267c8d2c7e83ab2b6d4c92c58fe68497193316213455?s=96&d=mm&r=g\",\"url\":\"https:\\\/\\\/secure.gravatar.com\\\/avatar\\\/ac071856daa4ddaa64ae267c8d2c7e83ab2b6d4c92c58fe68497193316213455?s=96&d=mm&r=g\",\"contentUrl\":\"https:\\\/\\\/secure.gravatar.com\\\/avatar\\\/ac071856daa4ddaa64ae267c8d2c7e83ab2b6d4c92c58fe68497193316213455?s=96&d=mm&r=g\",\"caption\":\"Susanna Korkiatupa\"},\"url\":\"https:\\\/\\\/makelaalu.fi\\\/sv\\\/author\\\/susannak\\\/\"}]}<\/script>\n<!-- \/ Yoast SEO plugin. -->","yoast_head_json":{"title":"Den horisontala pulverlackeringslinjen har f\u00f6rnyats med omfattande investeringar","robots":{"index":"index","follow":"follow","max-snippet":"max-snippet:-1","max-image-preview":"max-image-preview:large","max-video-preview":"max-video-preview:-1"},"canonical":"https:\/\/makelaalu.fi\/sv\/nyheter\/den-horisontala-pulverlackeringslinjen-har-fornyats-med-omfattande-investeringar\/","og_locale":"sv_SE","og_type":"article","og_title":"Den horisontala pulverlackeringslinjen har f\u00f6rnyats med omfattande investeringar","og_description":"P\u00e5 senare tid har vi gjort betydande investeringar i utvecklingen av den horisontala pulverlackeringslinjen p\u00e5 v\u00e5r fabrik i Luoma-aho. Syftet har varit att b\u00e5de modernisera produktionslinjen och f\u00f6rb\u00e4ttra arbetsf\u00f6rh\u00e5llandena. F\u00f6rutom grundpulverlackering utf\u00f6rs ocks\u00e5 pulverlackeringar med tv\u00e5 f\u00e4rger och ytbehandlingar av styckegods i olika former p\u00e5 den horisontala pulverlackeringslinjen. &nbsp; Ett nytt lackeringssk\u00e5p Den senaste investeringen \u00e4r v\u00e5rt nya lackeringssk\u00e5p som installerades i januari i \u00e5r. Utrustningen p\u00e5 den horisontala pulverlackeringslinjen b\u00f6rjade n\u00e4rma sig slutet av sin livscykel, och det var till exempel inte l\u00e4ngre s\u00e5 l\u00e4tt att hitta reservdelar till den. Med det nya lackeringssk\u00e5pet kan man lackera \u00e4ven mindre partier p\u00e5 ett kostnadseffektivt s\u00e4tt p\u00e5 den horisontala pulverlackeringslinjen. \u2013 Det nya lackeringssk\u00e5pet st\u00f6djer v\u00e5r strategi. P\u00e5 v\u00e5ra vertikala pulverlackeringslinjer kan man byta f\u00e4rg p\u00e5 det ena lackeringscentret samtidigt som det andra lackeringscentret nyttjas. Med det nya lackeringscentret blir detta m\u00f6jligt ocks\u00e5 i den horisontella anl\u00e4ggningen. P\u00e5 s\u00e5 s\u00e4tt minimerar det nya sk\u00e5pet produktbytestiden och m\u00f6jligg\u00f6r flexibel och kostnadseffektiv ytbehandling av \u00e4ven sm\u00e5 partier, ber\u00e4ttar projektets utvecklingsingenj\u00f6r Jarno Kolkka. Den nya utrustningen \u00e4r toppmodern. \u2013 Med denna investering kommer kvaliteten p\u00e5 pulverlackeringsytan att bli \u00e4nnu b\u00e4ttre. Anv\u00e4ndarv\u00e4nligheten har beaktats i den nya utrustningen p\u00e5 ett helt annat s\u00e4tt \u00e4n i den gamla. Det nya sk\u00e5pet \u00e4r smidigare och l\u00e4ttare att anv\u00e4nda, forts\u00e4tter Jarno Kolkka. \u00c4ven f\u00f6rbehandlingen har moderniserats F\u00f6rra \u00e5ret f\u00f6rnyades hela styrsystemet f\u00f6r tv\u00e4ttdelen av den horisontala pulverlackeringslinjen. Samtidigt avgr\u00e4nsades produktionsomr\u00e5det med staket, vilket \u00f6kar s\u00e4kerheten. Robotens arbetsomr\u00e5de och profilernas f\u00f6rtv\u00e4tt \u00e4r inh\u00e4gnade s\u00e5 att roboten stannar om n\u00e5gon kommer in i omr\u00e5det. \u2013 Anordningens styrautomatik och dess komponenter n\u00e4rmade sig ocks\u00e5 slutet av sin livsl\u00e4ngd. Den gamla utrustningen var op\u00e5litlig och medf\u00f6rde en kvalitetsrisk, varf\u00f6r vi bytte ut hela styrsystemet inklusive kablaget, ber\u00e4ttar Jarno Kolkka. F\u00f6rnyelsen inneb\u00e4r att utrustningens s\u00e4kerhet \u00e4r nu p\u00e5 den niv\u00e5 som fastst\u00e4lls i det nuvarande maskindirektivet. \u2013 Arbetsfasen \u00e4r avg\u00f6rande f\u00f6r pulverlackeringen, s\u00e5 med moderniseringen minskade vi ocks\u00e5 variationen i f\u00f6rbehandlingen av profiler, till\u00e4gger Jarno Kolkka. &nbsp; F\u00e4rgborttagningslinjen har funnits i ett par \u00e5r nu Redan f\u00f6r n\u00e5gra \u00e5r sedan installerades en f\u00e4rgborttagningslinje i tv\u00e4ttdelen av den horisontala pulverlackeringslinjen, vilket i sig var ett betydande utvecklingssteg. P\u00e5 f\u00e4rgborttagningslinjen kan ett lackeringsskikt avl\u00e4gsnas fr\u00e5n profiler med felaktig pulverlackering och returneras f\u00f6r omlackering. F\u00e4rgborttagningslinjen sparar tid, material, pengar och milj\u00f6 och f\u00f6rb\u00e4ttrar leveranss\u00e4kerheten. N\u00e4r vi inte hade en f\u00e4rgborttagningslinje var vi tvungna att skrota lackerade profiler med f\u00e4rg- eller ytdefekter, och de kunde inte \u00e5teranv\u00e4ndas p\u00e5 n\u00e5got s\u00e4tt. &nbsp; B\u00e4ttre luftkvalitet Under senare delen av f\u00f6rra \u00e5ret p\u00e5b\u00f6rjades ocks\u00e5 en ventilationsreform vid den horisontala pulverlackeringslinjen. Det finns \u00f6ppna f\u00f6rbehandlingsbass\u00e4nger och en f\u00e4rgborttagningsbass\u00e4ng i lackeringsanl\u00e4ggningen, och det f\u00f6rekommer viss f\u00f6r\u00e5ngning och luktol\u00e4genheter. Luftkvalitetsm\u00e4tningar som utf\u00f6rts vid den horisontala pulverlackeringslinjen har fastst\u00e4llt att luften \u00e4r tillr\u00e4ckligt ren, men samtidigt har det konstaterats att ventilationen i lokalerna \u00e4r bristf\u00e4llig. \u2013 Ventilationen har nu helt f\u00f6rnyats i f\u00f6rbehandlingslokalerna. I samband med renoveringen installerades ordentliga punktutsug ovanp\u00e5 f\u00f6rbehandlings- och f\u00e4rgborttagningslinjerna f\u00f6r att leda ut \u00e5ngor och lukter ur lokalerna. Dessutom f\u00f6r systemet frisk tilluft utifr\u00e5n till hallen, ber\u00e4ttar M\u00e4kel\u00e4s produktionschef f\u00f6r ytbehandling Vesa Saarenlaita. Det viktiga m\u00e5let med reformen \u00e4r att f\u00f6rb\u00e4ttra arbetsf\u00f6rh\u00e5llandena och arbetsh\u00e4lsan. God ventilation f\u00f6rb\u00e4ttrar b\u00e5de komforten och s\u00e4kerheten vid arbetet. Det totala v\u00e4rdet p\u00e5 investeringarna \u00e4r cirka en miljon euro. &nbsp; &nbsp;","og_url":"https:\/\/makelaalu.fi\/sv\/nyheter\/den-horisontala-pulverlackeringslinjen-har-fornyats-med-omfattande-investeringar\/","og_site_name":"M&auml;kel&auml; Alu Oy","article_published_time":"2024-02-17T15:56:35+00:00","article_modified_time":"2024-02-21T08:21:11+00:00","og_image":[{"width":1000,"height":714,"url":"https:\/\/makelaalu.fi\/wp-content\/uploads\/2024\/02\/DSF1593.jpg","type":"image\/jpeg"}],"author":"Susanna Korkiatupa","twitter_card":"summary_large_image","twitter_misc":{"Skriven av":"Susanna Korkiatupa","Ber\u00e4knad l\u00e4stid":"4 minuter"},"schema":{"@context":"https:\/\/schema.org","@graph":[{"@type":"Article","@id":"https:\/\/makelaalu.fi\/sv\/nyheter\/den-horisontala-pulverlackeringslinjen-har-fornyats-med-omfattande-investeringar\/#article","isPartOf":{"@id":"https:\/\/makelaalu.fi\/sv\/nyheter\/den-horisontala-pulverlackeringslinjen-har-fornyats-med-omfattande-investeringar\/"},"author":{"name":"Susanna Korkiatupa","@id":"https:\/\/dev.makelaalu.fi\/#\/schema\/person\/9a809b6cc4e323d49d85ca0a349b40af"},"headline":"Den horisontala pulverlackeringslinjen har f\u00f6rnyats med omfattande investeringar","datePublished":"2024-02-17T15:56:35+00:00","dateModified":"2024-02-21T08:21:11+00:00","mainEntityOfPage":{"@id":"https:\/\/makelaalu.fi\/sv\/nyheter\/den-horisontala-pulverlackeringslinjen-har-fornyats-med-omfattande-investeringar\/"},"wordCount":698,"image":{"@id":"https:\/\/makelaalu.fi\/sv\/nyheter\/den-horisontala-pulverlackeringslinjen-har-fornyats-med-omfattande-investeringar\/#primaryimage"},"thumbnailUrl":"https:\/\/makelaalu.fi\/wp-content\/uploads\/2024\/02\/DSF1593.jpg","articleSection":["Nyheter"],"inLanguage":"sv-SE"},{"@type":"WebPage","@id":"https:\/\/makelaalu.fi\/sv\/nyheter\/den-horisontala-pulverlackeringslinjen-har-fornyats-med-omfattande-investeringar\/","url":"https:\/\/makelaalu.fi\/sv\/nyheter\/den-horisontala-pulverlackeringslinjen-har-fornyats-med-omfattande-investeringar\/","name":"Den horisontala pulverlackeringslinjen har f\u00f6rnyats med omfattande investeringar","isPartOf":{"@id":"https:\/\/dev.makelaalu.fi\/#website"},"primaryImageOfPage":{"@id":"https:\/\/makelaalu.fi\/sv\/nyheter\/den-horisontala-pulverlackeringslinjen-har-fornyats-med-omfattande-investeringar\/#primaryimage"},"image":{"@id":"https:\/\/makelaalu.fi\/sv\/nyheter\/den-horisontala-pulverlackeringslinjen-har-fornyats-med-omfattande-investeringar\/#primaryimage"},"thumbnailUrl":"https:\/\/makelaalu.fi\/wp-content\/uploads\/2024\/02\/DSF1593.jpg","datePublished":"2024-02-17T15:56:35+00:00","dateModified":"2024-02-21T08:21:11+00:00","author":{"@id":"https:\/\/dev.makelaalu.fi\/#\/schema\/person\/9a809b6cc4e323d49d85ca0a349b40af"},"breadcrumb":{"@id":"https:\/\/makelaalu.fi\/sv\/nyheter\/den-horisontala-pulverlackeringslinjen-har-fornyats-med-omfattande-investeringar\/#breadcrumb"},"inLanguage":"sv-SE","potentialAction":[{"@type":"ReadAction","target":["https:\/\/makelaalu.fi\/sv\/nyheter\/den-horisontala-pulverlackeringslinjen-har-fornyats-med-omfattande-investeringar\/"]}]},{"@type":"ImageObject","inLanguage":"sv-SE","@id":"https:\/\/makelaalu.fi\/sv\/nyheter\/den-horisontala-pulverlackeringslinjen-har-fornyats-med-omfattande-investeringar\/#primaryimage","url":"https:\/\/makelaalu.fi\/wp-content\/uploads\/2024\/02\/DSF1593.jpg","contentUrl":"https:\/\/makelaalu.fi\/wp-content\/uploads\/2024\/02\/DSF1593.jpg","width":1000,"height":714},{"@type":"BreadcrumbList","@id":"https:\/\/makelaalu.fi\/sv\/nyheter\/den-horisontala-pulverlackeringslinjen-har-fornyats-med-omfattande-investeringar\/#breadcrumb","itemListElement":[{"@type":"ListItem","position":1,"name":"Frontpage","item":"https:\/\/makelaalu.fi\/sv\/"},{"@type":"ListItem","position":2,"name":"Den horisontala pulverlackeringslinjen har f\u00f6rnyats med omfattande investeringar"}]},{"@type":"WebSite","@id":"https:\/\/dev.makelaalu.fi\/#website","url":"https:\/\/dev.makelaalu.fi\/","name":"M&auml;kel&auml; Alu Oy","description":"Alumiiniprofiilien puristaminen vuosikymmenten kokemuksella.","potentialAction":[{"@type":"SearchAction","target":{"@type":"EntryPoint","urlTemplate":"https:\/\/dev.makelaalu.fi\/?s={search_term_string}"},"query-input":{"@type":"PropertyValueSpecification","valueRequired":true,"valueName":"search_term_string"}}],"inLanguage":"sv-SE"},{"@type":"Person","@id":"https:\/\/dev.makelaalu.fi\/#\/schema\/person\/9a809b6cc4e323d49d85ca0a349b40af","name":"Susanna Korkiatupa","image":{"@type":"ImageObject","inLanguage":"sv-SE","@id":"https:\/\/secure.gravatar.com\/avatar\/ac071856daa4ddaa64ae267c8d2c7e83ab2b6d4c92c58fe68497193316213455?s=96&d=mm&r=g","url":"https:\/\/secure.gravatar.com\/avatar\/ac071856daa4ddaa64ae267c8d2c7e83ab2b6d4c92c58fe68497193316213455?s=96&d=mm&r=g","contentUrl":"https:\/\/secure.gravatar.com\/avatar\/ac071856daa4ddaa64ae267c8d2c7e83ab2b6d4c92c58fe68497193316213455?s=96&d=mm&r=g","caption":"Susanna Korkiatupa"},"url":"https:\/\/makelaalu.fi\/sv\/author\/susannak\/"}]}},"_links":{"self":[{"href":"https:\/\/makelaalu.fi\/sv\/wp-json\/wp\/v2\/posts\/10217","targetHints":{"allow":["GET"]}}],"collection":[{"href":"https:\/\/makelaalu.fi\/sv\/wp-json\/wp\/v2\/posts"}],"about":[{"href":"https:\/\/makelaalu.fi\/sv\/wp-json\/wp\/v2\/types\/post"}],"author":[{"embeddable":true,"href":"https:\/\/makelaalu.fi\/sv\/wp-json\/wp\/v2\/users\/2"}],"replies":[{"embeddable":true,"href":"https:\/\/makelaalu.fi\/sv\/wp-json\/wp\/v2\/comments?post=10217"}],"version-history":[{"count":5,"href":"https:\/\/makelaalu.fi\/sv\/wp-json\/wp\/v2\/posts\/10217\/revisions"}],"predecessor-version":[{"id":10231,"href":"https:\/\/makelaalu.fi\/sv\/wp-json\/wp\/v2\/posts\/10217\/revisions\/10231"}],"wp:featuredmedia":[{"embeddable":true,"href":"https:\/\/makelaalu.fi\/sv\/wp-json\/wp\/v2\/media\/10202"}],"wp:attachment":[{"href":"https:\/\/makelaalu.fi\/sv\/wp-json\/wp\/v2\/media?parent=10217"}],"wp:term":[{"taxonomy":"category","embeddable":true,"href":"https:\/\/makelaalu.fi\/sv\/wp-json\/wp\/v2\/categories?post=10217"},{"taxonomy":"post_tag","embeddable":true,"href":"https:\/\/makelaalu.fi\/sv\/wp-json\/wp\/v2\/tags?post=10217"}],"curies":[{"name":"wp","href":"https:\/\/api.w.org\/{rel}","templated":true}]}}